{"id":99,"date":"2016-08-15T18:28:52","date_gmt":"2016-08-15T17:28:52","guid":{"rendered":"https:\/\/vee.vivreetlecrire.fr\/?p=99"},"modified":"2016-09-09T22:32:05","modified_gmt":"2016-09-09T21:32:05","slug":"rentree-en-fete-2016-orleans","status":"publish","type":"post","link":"https:\/\/vee.vivreetlecrire.fr\/index.php\/2016\/08\/15\/rentree-en-fete-2016-orleans\/","title":{"rendered":"Rentr\u00e9e en F\u00eate 2016, Orl\u00e9ans"},"content":{"rendered":"<p><strong>Pr\u00e9sence de V<\/strong><strong>2E \u00e0 Rentr\u00e9e en F\u00eate, \u00e0 Orl\u00e9ans, le dimanche 4 septembre 2016, de 11 heures \u00e0 19 heures.<\/strong><\/p>\n<p>Notre stand (emplacement J24) est\u00a0voisin de celui de Vivre et l\u2019\u00e9crire f\u00e9d\u00e9ration (emplacement J13), place du Martroi.<\/p>\n<p>Nous sommes\u00a0\u00e9galement proches de nos amis de l\u2019ASLA, Association Solidarit\u00e9 Loiret-Alg\u00e9rie, en H44.<\/p>\n<p>Venez nous rencontrer pour en savoir plus sur Vivre et l\u2019\u00e9crire\u00a0!<\/p>\n<figure id=\"attachment_95\" aria-describedby=\"caption-attachment-95\" style=\"width: 700px\" class=\"wp-caption alignleft\"><img loading=\"lazy\" decoding=\"async\" class=\"wp-image-95 size-large\" src=\"https:\/\/vee.vivreetlecrire.fr\/wp-content\/uploads\/2016\/08\/plan_martroi_rentree_fete2016-700x989.jpg\" alt=\"Plan place du Martroi, Orl\u00e9ans, Rentr\u00e9e en F\u00eate, 4 septembre 2016\" width=\"700\" height=\"989\" srcset=\"https:\/\/vee.vivreetlecrire.fr\/wp-content\/uploads\/2016\/08\/plan_martroi_rentree_fete2016-700x989.jpg 700w, https:\/\/vee.vivreetlecrire.fr\/wp-content\/uploads\/2016\/08\/plan_martroi_rentree_fete2016-212x300.jpg 212w, https:\/\/vee.vivreetlecrire.fr\/wp-content\/uploads\/2016\/08\/plan_martroi_rentree_fete2016-768x1085.jpg 768w, https:\/\/vee.vivreetlecrire.fr\/wp-content\/uploads\/2016\/08\/plan_martroi_rentree_fete2016-750x1060.jpg 750w, https:\/\/vee.vivreetlecrire.fr\/wp-content\/uploads\/2016\/08\/plan_martroi_rentree_fete2016.jpg 1024w\" sizes=\"auto, (max-width: 700px) 100vw, 700px\" \/><figcaption id=\"caption-attachment-95\" class=\"wp-caption-text\">Plan place du Martroi<\/figcaption><\/figure>\n<figure id=\"attachment_94\" aria-describedby=\"caption-attachment-94\" style=\"width: 700px\" class=\"wp-caption aligncenter\"><img loading=\"lazy\" decoding=\"async\" class=\"wp-image-94 size-large\" src=\"https:\/\/vee.vivreetlecrire.fr\/wp-content\/uploads\/2016\/08\/liste_martroi_rentree_fete2016-700x989.jpg\" alt=\"Liste des associations pr\u00e9sentes place du Martroi, Orl\u00e9ans, Rentr\u00e9e en F\u00eate, 4 septembre 2016\" width=\"700\" height=\"989\" srcset=\"https:\/\/vee.vivreetlecrire.fr\/wp-content\/uploads\/2016\/08\/liste_martroi_rentree_fete2016-700x989.jpg 700w, https:\/\/vee.vivreetlecrire.fr\/wp-content\/uploads\/2016\/08\/liste_martroi_rentree_fete2016-212x300.jpg 212w, https:\/\/vee.vivreetlecrire.fr\/wp-content\/uploads\/2016\/08\/liste_martroi_rentree_fete2016-768x1085.jpg 768w, https:\/\/vee.vivreetlecrire.fr\/wp-content\/uploads\/2016\/08\/liste_martroi_rentree_fete2016-750x1060.jpg 750w, https:\/\/vee.vivreetlecrire.fr\/wp-content\/uploads\/2016\/08\/liste_martroi_rentree_fete2016.jpg 1024w\" sizes=\"auto, (max-width: 700px) 100vw, 700px\" \/><figcaption id=\"caption-attachment-94\" class=\"wp-caption-text\">Liste des associations pr\u00e9sentes place du Martroi, Orl\u00e9ans, Rentr\u00e9e en F\u00eate, 4 septembre 2016<\/figcaption><\/figure>\n","protected":false},"excerpt":{"rendered":"<p>Pr\u00e9sence de V2E \u00e0 Rentr\u00e9e en F\u00eate, \u00e0 Orl\u00e9ans, le dimanche 4 septembre 2016, de 11 heures \u00e0 19 heures. Notre stand (emplacement J24) est\u00a0voisin de celui de Vivre et l\u2019\u00e9crire f\u00e9d\u00e9ration (emplacement J13), place du Martroi. Nous sommes\u00a0\u00e9galement proches de nos amis de l\u2019ASLA, Association Solidarit\u00e9 Loiret-Alg\u00e9rie, en H44. Venez nous rencontrer pour en&hellip;&nbsp;<a href=\"https:\/\/vee.vivreetlecrire.fr\/index.php\/2016\/08\/15\/rentree-en-fete-2016-orleans\/\" rel=\"bookmark\">Lire la suite &raquo;<span class=\"screen-reader-text\">Rentr\u00e9e en F\u00eate 2016, Orl\u00e9ans<\/span><\/a><\/p>\n","protected":false},"author":2,"featured_media":0,"comment_status":"open","ping_status":"open","sticky":false,"template":"","format":"standard","meta":{"neve_meta_sidebar":"","neve_meta_container":"","neve_meta_enable_content_width":"","neve_meta_content_width":0,"neve_meta_title_alignment":"","neve_meta_author_avatar":"","neve_post_elements_order":"","neve_meta_disable_header":"","neve_meta_disable_footer":"","neve_meta_disable_title":"","_themeisle_gutenberg_block_has_review":false,"footnotes":""},"categories":[3],"tags":[17,18],"class_list":["post-99","post","type-post","status-publish","format-standard","hentry","category-actualites","tag-rentree-en-fete","tag-salon"],"_links":{"self":[{"href":"https:\/\/vee.vivreetlecrire.fr\/index.php\/wp-json\/wp\/v2\/posts\/99","targetHints":{"allow":["GET"]}}],"collection":[{"href":"https:\/\/vee.vivreetlecrire.fr\/index.php\/wp-json\/wp\/v2\/posts"}],"about":[{"href":"https:\/\/vee.vivreetlecrire.fr\/index.php\/wp-json\/wp\/v2\/types\/post"}],"author":[{"embeddable":true,"href":"https:\/\/vee.vivreetlecrire.fr\/index.php\/wp-json\/wp\/v2\/users\/2"}],"replies":[{"embeddable":true,"href":"https:\/\/vee.vivreetlecrire.fr\/index.php\/wp-json\/wp\/v2\/comments?post=99"}],"version-history":[{"count":4,"href":"https:\/\/vee.vivreetlecrire.fr\/index.php\/wp-json\/wp\/v2\/posts\/99\/revisions"}],"predecessor-version":[{"id":103,"href":"https:\/\/vee.vivreetlecrire.fr\/index.php\/wp-json\/wp\/v2\/posts\/99\/revisions\/103"}],"wp:attachment":[{"href":"https:\/\/vee.vivreetlecrire.fr\/index.php\/wp-json\/wp\/v2\/media?parent=99"}],"wp:term":[{"taxonomy":"category","embeddable":true,"href":"https:\/\/vee.vivreetlecrire.fr\/index.php\/wp-json\/wp\/v2\/categories?post=99"},{"taxonomy":"post_tag","embeddable":true,"href":"https:\/\/vee.vivreetlecrire.fr\/index.php\/wp-json\/wp\/v2\/tags?post=99"}],"curies":[{"name":"wp","href":"https:\/\/api.w.org\/{rel}","templated":true}]}}