{"id":984,"date":"2022-05-17T09:54:43","date_gmt":"2022-05-17T08:54:43","guid":{"rendered":"https:\/\/vee.vivreetlecrire.fr\/?p=984"},"modified":"2022-10-10T08:53:30","modified_gmt":"2022-10-10T07:53:30","slug":"assemblee-generale-samedi-21-mai-2022","status":"publish","type":"post","link":"https:\/\/vee.vivreetlecrire.fr\/index.php\/2022\/05\/17\/assemblee-generale-samedi-21-mai-2022\/","title":{"rendered":"Assembl\u00e9e g\u00e9n\u00e9rale samedi 21 mai 2022"},"content":{"rendered":"<p>Le samedi 21 mai 2022 a eu lieu l&rsquo;assembl\u00e9e g\u00e9n\u00e9rale de l&rsquo;association, au si\u00e8ge de l&rsquo;association 12 rue Notre-Dame de Recouvrance, \u00e0 14 h 30.<\/p>\n<p>Cette ann\u00e9e, un invit\u00e9 particulier venu nous parler de son exp\u00e9rience d&rsquo;\u00e9diteur : Patrice Kanozsai, fondateur et pr\u00e9sident des \u00e9ditions du Cygne \u00e0 Paris, \u00e9ditions universitaires et litt\u00e9raires.<\/p>\n<p>Nous avons \u00e9galement profit\u00e9 de l&rsquo;intervention de Raoul Garnier, venu parler du travail \u00e9ditorial autour de son dernier opus, <em>Il \u00e9tait mon fr\u00e8re &#8211; histoire d&rsquo;une vie d&rsquo;errances<\/em>.<\/p>\n<p><\/p>\n<figure id=\"attachment_992\" aria-describedby=\"caption-attachment-992\" style=\"width: 525px\" class=\"wp-caption alignleft\"><a href=\"https:\/\/vee.vivreetlecrire.fr\/wp-content\/uploads\/2022\/05\/IMG_1893_retravaillee-scaled.jpg\"><img loading=\"lazy\" decoding=\"async\" class=\"size-large wp-image-992\" src=\"https:\/\/vee.vivreetlecrire.fr\/wp-content\/uploads\/2022\/05\/IMG_1893_retravaillee-525x700.jpg\" alt=\"\" width=\"525\" height=\"700\" srcset=\"https:\/\/vee.vivreetlecrire.fr\/wp-content\/uploads\/2022\/05\/IMG_1893_retravaillee-525x700.jpg 525w, https:\/\/vee.vivreetlecrire.fr\/wp-content\/uploads\/2022\/05\/IMG_1893_retravaillee-225x300.jpg 225w, https:\/\/vee.vivreetlecrire.fr\/wp-content\/uploads\/2022\/05\/IMG_1893_retravaillee-768x1024.jpg 768w, https:\/\/vee.vivreetlecrire.fr\/wp-content\/uploads\/2022\/05\/IMG_1893_retravaillee-1152x1536.jpg 1152w, https:\/\/vee.vivreetlecrire.fr\/wp-content\/uploads\/2022\/05\/IMG_1893_retravaillee-1536x2048.jpg 1536w, https:\/\/vee.vivreetlecrire.fr\/wp-content\/uploads\/2022\/05\/IMG_1893_retravaillee-scaled.jpg 1920w\" sizes=\"auto, (max-width: 525px) 100vw, 525px\" \/><\/a><figcaption id=\"caption-attachment-992\" class=\"wp-caption-text\">Patrice Kanozsai, \u00e9ditions du Cygne<\/figcaption><\/figure>\n<p><\/p>\n<p><\/p>\n<p><\/p>\n<p><\/p>\n<p><\/p>\n<p><\/p>\n<p><\/p>\n<p><\/p>\n<figure id=\"attachment_993\" aria-describedby=\"caption-attachment-993\" style=\"width: 525px\" class=\"wp-caption aligncenter\"><a href=\"https:\/\/vee.vivreetlecrire.fr\/wp-content\/uploads\/2022\/05\/IMG_1889-scaled.jpg\"><img loading=\"lazy\" decoding=\"async\" class=\"size-large wp-image-993\" src=\"https:\/\/vee.vivreetlecrire.fr\/wp-content\/uploads\/2022\/05\/IMG_1889-525x700.jpg\" alt=\"\" width=\"525\" height=\"700\" srcset=\"https:\/\/vee.vivreetlecrire.fr\/wp-content\/uploads\/2022\/05\/IMG_1889-525x700.jpg 525w, https:\/\/vee.vivreetlecrire.fr\/wp-content\/uploads\/2022\/05\/IMG_1889-225x300.jpg 225w, https:\/\/vee.vivreetlecrire.fr\/wp-content\/uploads\/2022\/05\/IMG_1889-768x1024.jpg 768w, https:\/\/vee.vivreetlecrire.fr\/wp-content\/uploads\/2022\/05\/IMG_1889-1152x1536.jpg 1152w, https:\/\/vee.vivreetlecrire.fr\/wp-content\/uploads\/2022\/05\/IMG_1889-1536x2048.jpg 1536w, https:\/\/vee.vivreetlecrire.fr\/wp-content\/uploads\/2022\/05\/IMG_1889-scaled.jpg 1920w\" sizes=\"auto, (max-width: 525px) 100vw, 525px\" \/><\/a><figcaption id=\"caption-attachment-993\" class=\"wp-caption-text\">Raoul Garnier<\/figcaption><\/figure>\n<p><a href=\"https:\/\/vee.vivreetlecrire.fr\/wp-content\/uploads\/2022\/05\/IMG_1888-scaled.jpg\"><img loading=\"lazy\" decoding=\"async\" class=\"alignright size-large wp-image-994\" src=\"https:\/\/vee.vivreetlecrire.fr\/wp-content\/uploads\/2022\/05\/IMG_1888-700x525.jpg\" alt=\"\" width=\"700\" height=\"525\" srcset=\"https:\/\/vee.vivreetlecrire.fr\/wp-content\/uploads\/2022\/05\/IMG_1888-700x525.jpg 700w, https:\/\/vee.vivreetlecrire.fr\/wp-content\/uploads\/2022\/05\/IMG_1888-300x225.jpg 300w, https:\/\/vee.vivreetlecrire.fr\/wp-content\/uploads\/2022\/05\/IMG_1888-768x576.jpg 768w, https:\/\/vee.vivreetlecrire.fr\/wp-content\/uploads\/2022\/05\/IMG_1888-1536x1152.jpg 1536w, https:\/\/vee.vivreetlecrire.fr\/wp-content\/uploads\/2022\/05\/IMG_1888-2048x1536.jpg 2048w\" sizes=\"auto, (max-width: 700px) 100vw, 700px\" \/><\/a><\/p>\n<p><\/p>\n<p><\/p>\n\n\n<p><\/p>\n","protected":false},"excerpt":{"rendered":"<p>Le samedi 21 mai 2022 a eu lieu l&rsquo;assembl\u00e9e g\u00e9n\u00e9rale de l&rsquo;association, au si\u00e8ge de l&rsquo;association 12 rue Notre-Dame de Recouvrance, \u00e0 14 h 30. Cette ann\u00e9e, un invit\u00e9 particulier venu nous parler de son exp\u00e9rience d&rsquo;\u00e9diteur : Patrice Kanozsai, fondateur et pr\u00e9sident des \u00e9ditions du Cygne \u00e0 Paris, \u00e9ditions universitaires et litt\u00e9raires. Nous avons&hellip;&nbsp;<a href=\"https:\/\/vee.vivreetlecrire.fr\/index.php\/2022\/05\/17\/assemblee-generale-samedi-21-mai-2022\/\" rel=\"bookmark\">Lire la suite &raquo;<span class=\"screen-reader-text\">Assembl\u00e9e g\u00e9n\u00e9rale samedi 21 mai 2022<\/span><\/a><\/p>\n","protected":false},"author":2,"featured_media":0,"comment_status":"closed","ping_status":"closed","sticky":false,"template":"","format":"standard","meta":{"neve_meta_sidebar":"","neve_meta_container":"","neve_meta_enable_content_width":"off","neve_meta_content_width":70,"neve_meta_title_alignment":"","neve_meta_author_avatar":"","neve_post_elements_order":"","neve_meta_disable_header":"","neve_meta_disable_footer":"","neve_meta_disable_title":"","_themeisle_gutenberg_block_has_review":false,"footnotes":""},"categories":[3,4],"tags":[38,109,108,19],"class_list":["post-984","post","type-post","status-publish","format-standard","hentry","category-actualites","category-evenements","tag-assemblee-generale","tag-editions-du-cygne","tag-patrice-kanozsai","tag-raoul-garnier"],"_links":{"self":[{"href":"https:\/\/vee.vivreetlecrire.fr\/index.php\/wp-json\/wp\/v2\/posts\/984","targetHints":{"allow":["GET"]}}],"collection":[{"href":"https:\/\/vee.vivreetlecrire.fr\/index.php\/wp-json\/wp\/v2\/posts"}],"about":[{"href":"https:\/\/vee.vivreetlecrire.fr\/index.php\/wp-json\/wp\/v2\/types\/post"}],"author":[{"embeddable":true,"href":"https:\/\/vee.vivreetlecrire.fr\/index.php\/wp-json\/wp\/v2\/users\/2"}],"replies":[{"embeddable":true,"href":"https:\/\/vee.vivreetlecrire.fr\/index.php\/wp-json\/wp\/v2\/comments?post=984"}],"version-history":[{"count":3,"href":"https:\/\/vee.vivreetlecrire.fr\/index.php\/wp-json\/wp\/v2\/posts\/984\/revisions"}],"predecessor-version":[{"id":1016,"href":"https:\/\/vee.vivreetlecrire.fr\/index.php\/wp-json\/wp\/v2\/posts\/984\/revisions\/1016"}],"wp:attachment":[{"href":"https:\/\/vee.vivreetlecrire.fr\/index.php\/wp-json\/wp\/v2\/media?parent=984"}],"wp:term":[{"taxonomy":"category","embeddable":true,"href":"https:\/\/vee.vivreetlecrire.fr\/index.php\/wp-json\/wp\/v2\/categories?post=984"},{"taxonomy":"post_tag","embeddable":true,"href":"https:\/\/vee.vivreetlecrire.fr\/index.php\/wp-json\/wp\/v2\/tags?post=984"}],"curies":[{"name":"wp","href":"https:\/\/api.w.org\/{rel}","templated":true}]}}