{"id":297,"date":"2017-11-27T16:33:15","date_gmt":"2017-11-27T15:33:15","guid":{"rendered":"https:\/\/vee.vivreetlecrire.fr\/?p=297"},"modified":"2018-01-12T21:58:00","modified_gmt":"2018-01-12T20:58:00","slug":"4e-salon-du-livre-et-de-lecriture-saran-45-2-decembre-2017","status":"publish","type":"post","link":"https:\/\/vee.vivreetlecrire.fr\/index.php\/2017\/11\/27\/4e-salon-du-livre-et-de-lecriture-saran-45-2-decembre-2017\/","title":{"rendered":"4e Salon du livre et de l&rsquo;\u00e9criture, Saran (45), 2 d\u00e9cembre 2017"},"content":{"rendered":"<p>La Soci\u00e9t\u00e9 des Amis de l&rsquo;Humanit\u00e9 organise le <strong>4e du Salon du livre et de l&rsquo;\u00e9criture<\/strong>,<\/p>\n<p><strong>\u00e0 Saran, le samedi 2 d\u00e9cembre 2017, de 10 heures \u00e0 18 heures<\/strong><\/p>\n<p>pour faire d\u00e9couvrir aux visiteurs la richesse de l&rsquo;\u00e9criture et des arts.<\/p>\n<p>V2E y participe, venez nous rencontrer !<\/p>\n<p><em>Salle des f\u00eates de Saran (45770) &#8211; rue du docteur Payen. Entr\u00e9e libre, acc\u00e8s personnes en situation de handicap.<\/em><\/p>\n<figure id=\"attachment_295\" aria-describedby=\"caption-attachment-295\" style=\"width: 600px\" class=\"wp-caption aligncenter\"><a href=\"https:\/\/vee.vivreetlecrire.fr\/wp-content\/uploads\/2017\/11\/invitation_salon_Saran_2017.jpg\"><img loading=\"lazy\" decoding=\"async\" class=\"size-full wp-image-295\" src=\"https:\/\/vee.vivreetlecrire.fr\/wp-content\/uploads\/2017\/11\/invitation_salon_Saran_2017.jpg\" alt=\"\" width=\"600\" height=\"848\" srcset=\"https:\/\/vee.vivreetlecrire.fr\/wp-content\/uploads\/2017\/11\/invitation_salon_Saran_2017.jpg 600w, https:\/\/vee.vivreetlecrire.fr\/wp-content\/uploads\/2017\/11\/invitation_salon_Saran_2017-212x300.jpg 212w\" sizes=\"auto, (max-width: 600px) 100vw, 600px\" \/><\/a><figcaption id=\"caption-attachment-295\" class=\"wp-caption-text\">4e Salon du livre et de l&rsquo;\u00e9criture, \u00e0 Saran<\/figcaption><\/figure>\n","protected":false},"excerpt":{"rendered":"<p>La Soci\u00e9t\u00e9 des Amis de l&rsquo;Humanit\u00e9 organise le 4e du Salon du livre et de l&rsquo;\u00e9criture, \u00e0 Saran, le samedi 2 d\u00e9cembre 2017, de 10 heures \u00e0 18 heures pour faire d\u00e9couvrir aux visiteurs la richesse de l&rsquo;\u00e9criture et des arts. V2E y participe, venez nous rencontrer ! Salle des f\u00eates de Saran (45770) &#8211;&hellip;&nbsp;<a href=\"https:\/\/vee.vivreetlecrire.fr\/index.php\/2017\/11\/27\/4e-salon-du-livre-et-de-lecriture-saran-45-2-decembre-2017\/\" rel=\"bookmark\">Lire la suite &raquo;<span class=\"screen-reader-text\">4e Salon du livre et de l&rsquo;\u00e9criture, Saran (45), 2 d\u00e9cembre 2017<\/span><\/a><\/p>\n","protected":false},"author":2,"featured_media":295,"comment_status":"open","ping_status":"open","sticky":false,"template":"","format":"standard","meta":{"neve_meta_sidebar":"","neve_meta_container":"","neve_meta_enable_content_width":"","neve_meta_content_width":0,"neve_meta_title_alignment":"","neve_meta_author_avatar":"","neve_post_elements_order":"","neve_meta_disable_header":"","neve_meta_disable_footer":"","neve_meta_disable_title":"","_themeisle_gutenberg_block_has_review":false,"footnotes":""},"categories":[3,4],"tags":[12,53],"class_list":["post-297","post","type-post","status-publish","format-standard","has-post-thumbnail","hentry","category-actualites","category-evenements","tag-salon-du-livre","tag-saran"],"_links":{"self":[{"href":"https:\/\/vee.vivreetlecrire.fr\/index.php\/wp-json\/wp\/v2\/posts\/297","targetHints":{"allow":["GET"]}}],"collection":[{"href":"https:\/\/vee.vivreetlecrire.fr\/index.php\/wp-json\/wp\/v2\/posts"}],"about":[{"href":"https:\/\/vee.vivreetlecrire.fr\/index.php\/wp-json\/wp\/v2\/types\/post"}],"author":[{"embeddable":true,"href":"https:\/\/vee.vivreetlecrire.fr\/index.php\/wp-json\/wp\/v2\/users\/2"}],"replies":[{"embeddable":true,"href":"https:\/\/vee.vivreetlecrire.fr\/index.php\/wp-json\/wp\/v2\/comments?post=297"}],"version-history":[{"count":1,"href":"https:\/\/vee.vivreetlecrire.fr\/index.php\/wp-json\/wp\/v2\/posts\/297\/revisions"}],"predecessor-version":[{"id":298,"href":"https:\/\/vee.vivreetlecrire.fr\/index.php\/wp-json\/wp\/v2\/posts\/297\/revisions\/298"}],"wp:featuredmedia":[{"embeddable":true,"href":"https:\/\/vee.vivreetlecrire.fr\/index.php\/wp-json\/wp\/v2\/media\/295"}],"wp:attachment":[{"href":"https:\/\/vee.vivreetlecrire.fr\/index.php\/wp-json\/wp\/v2\/media?parent=297"}],"wp:term":[{"taxonomy":"category","embeddable":true,"href":"https:\/\/vee.vivreetlecrire.fr\/index.php\/wp-json\/wp\/v2\/categories?post=297"},{"taxonomy":"post_tag","embeddable":true,"href":"https:\/\/vee.vivreetlecrire.fr\/index.php\/wp-json\/wp\/v2\/tags?post=297"}],"curies":[{"name":"wp","href":"https:\/\/api.w.org\/{rel}","templated":true}]}}