{"id":288,"date":"2017-11-03T20:59:49","date_gmt":"2017-11-03T19:59:49","guid":{"rendered":"https:\/\/vee.vivreetlecrire.fr\/?p=288"},"modified":"2020-02-24T18:05:01","modified_gmt":"2020-02-24T17:05:01","slug":"la-nouvelle-republique-rencontre-raoul-garnier","status":"publish","type":"post","link":"https:\/\/vee.vivreetlecrire.fr\/index.php\/2017\/11\/03\/la-nouvelle-republique-rencontre-raoul-garnier\/","title":{"rendered":"La Nouvelle R\u00e9publique rencontre Raoul Garnier"},"content":{"rendered":"<p>Dans son num\u00e9ro du 29 octobre 2017, <em>La Nouvelle R\u00e9publique<\/em> (Indre-et-Loire) salue la parution du&nbsp;quatri\u00e8me opus de Raoul Garnier, <em>Pourquoi es-tu venu si tard ?<\/em><\/p>\n<figure id=\"attachment_287\" aria-describedby=\"caption-attachment-287\" style=\"width: 700px\" class=\"wp-caption alignleft\"><a href=\"https:\/\/vee.vivreetlecrire.fr\/wp-content\/uploads\/2017\/11\/Article-NR-29-10-2017-Livre-4-de-Raoul.jpg\"><img loading=\"lazy\" decoding=\"async\" class=\"size-large wp-image-287\" src=\"https:\/\/vee.vivreetlecrire.fr\/wp-content\/uploads\/2017\/11\/Article-NR-29-10-2017-Livre-4-de-Raoul-700x850.jpg\" alt=\"Rencontre avec Raoul Garnier, La Nouvelle R\u00e9publique\" width=\"700\" height=\"850\" srcset=\"https:\/\/vee.vivreetlecrire.fr\/wp-content\/uploads\/2017\/11\/Article-NR-29-10-2017-Livre-4-de-Raoul-700x850.jpg 700w, https:\/\/vee.vivreetlecrire.fr\/wp-content\/uploads\/2017\/11\/Article-NR-29-10-2017-Livre-4-de-Raoul-247x300.jpg 247w, https:\/\/vee.vivreetlecrire.fr\/wp-content\/uploads\/2017\/11\/Article-NR-29-10-2017-Livre-4-de-Raoul-768x933.jpg 768w, https:\/\/vee.vivreetlecrire.fr\/wp-content\/uploads\/2017\/11\/Article-NR-29-10-2017-Livre-4-de-Raoul-750x911.jpg 750w, https:\/\/vee.vivreetlecrire.fr\/wp-content\/uploads\/2017\/11\/Article-NR-29-10-2017-Livre-4-de-Raoul.jpg 1772w\" sizes=\"auto, (max-width: 700px) 100vw, 700px\" \/><\/a><figcaption id=\"caption-attachment-287\" class=\"wp-caption-text\">Article paru dans \u00ab\u00a0La Nouvelle R\u00e9publique\u00a0\u00bb, 29\/10\/17, sur \u00ab\u00a0Pourquoi es-tu venu si tard ?\u00a0\u00bb, de Raoul Garnier<\/figcaption><\/figure>\n","protected":false},"excerpt":{"rendered":"<p>Dans son num\u00e9ro du 29 octobre 2017, La Nouvelle R\u00e9publique (Indre-et-Loire) salue la parution du&nbsp;quatri\u00e8me opus de Raoul Garnier, Pourquoi es-tu venu si tard ?<\/p>\n","protected":false},"author":2,"featured_media":0,"comment_status":"open","ping_status":"open","sticky":false,"template":"","format":"standard","meta":{"neve_meta_sidebar":"","neve_meta_container":"","neve_meta_enable_content_width":"off","neve_meta_content_width":0,"neve_meta_title_alignment":"","neve_meta_author_avatar":"","neve_post_elements_order":"","neve_meta_disable_header":"","neve_meta_disable_footer":"","neve_meta_disable_title":"","_themeisle_gutenberg_block_has_review":false,"footnotes":""},"categories":[3,27],"tags":[97,19],"class_list":["post-288","post","type-post","status-publish","format-standard","hentry","category-actualites","category-publications","tag-presse","tag-raoul-garnier"],"_links":{"self":[{"href":"https:\/\/vee.vivreetlecrire.fr\/index.php\/wp-json\/wp\/v2\/posts\/288","targetHints":{"allow":["GET"]}}],"collection":[{"href":"https:\/\/vee.vivreetlecrire.fr\/index.php\/wp-json\/wp\/v2\/posts"}],"about":[{"href":"https:\/\/vee.vivreetlecrire.fr\/index.php\/wp-json\/wp\/v2\/types\/post"}],"author":[{"embeddable":true,"href":"https:\/\/vee.vivreetlecrire.fr\/index.php\/wp-json\/wp\/v2\/users\/2"}],"replies":[{"embeddable":true,"href":"https:\/\/vee.vivreetlecrire.fr\/index.php\/wp-json\/wp\/v2\/comments?post=288"}],"version-history":[{"count":2,"href":"https:\/\/vee.vivreetlecrire.fr\/index.php\/wp-json\/wp\/v2\/posts\/288\/revisions"}],"predecessor-version":[{"id":751,"href":"https:\/\/vee.vivreetlecrire.fr\/index.php\/wp-json\/wp\/v2\/posts\/288\/revisions\/751"}],"wp:attachment":[{"href":"https:\/\/vee.vivreetlecrire.fr\/index.php\/wp-json\/wp\/v2\/media?parent=288"}],"wp:term":[{"taxonomy":"category","embeddable":true,"href":"https:\/\/vee.vivreetlecrire.fr\/index.php\/wp-json\/wp\/v2\/categories?post=288"},{"taxonomy":"post_tag","embeddable":true,"href":"https:\/\/vee.vivreetlecrire.fr\/index.php\/wp-json\/wp\/v2\/tags?post=288"}],"curies":[{"name":"wp","href":"https:\/\/api.w.org\/{rel}","templated":true}]}}