{"id":1386,"date":"2026-01-22T11:26:23","date_gmt":"2026-01-22T10:26:23","guid":{"rendered":"https:\/\/vee.vivreetlecrire.fr\/?p=1386"},"modified":"2026-03-31T08:49:11","modified_gmt":"2026-03-31T07:49:11","slug":"julien-seppou-monny-en-dedicace-a-olivet","status":"publish","type":"post","link":"https:\/\/vee.vivreetlecrire.fr\/index.php\/2026\/01\/22\/julien-seppou-monny-en-dedicace-a-olivet\/","title":{"rendered":"Julien Seppou-Monny en d\u00e9dicace \u00e0 Olivet"},"content":{"rendered":"<p>Le samedi 31 janvier 2026, Julien Seppou-Monny sera \u00e0 Olivet pour pr\u00e9senter son ouvrage paru dans notre collection \u00ab\u00a0Vivre et l&rsquo;\u00e9crire\u00a0\u00bb : <em>P\u00e9rip\u00e9ties d&rsquo;un baroudeur &#8211; Itin\u00e9raire d&rsquo;un enfant mal barr\u00e9<\/em>.<\/p>\n<p><span class=\"x193iq5w xeuugli x13faqbe x1vvkbs xlh3980 xvmahel x1n0sxbx x1lliihq x1s928wv xhkezso x1gmr53x x1cpjm7i x1fgarty x1943h6x xudqn12 x3x7a5m x6prxxf xvq8zen xo1l8bm xzsf02u\" dir=\"auto\">Un moment d\u2019\u00e9change autour de l\u2019\u00e9criture, du parcours, de l\u2019exil, de l\u2019identit\u00e9 et des exp\u00e9riences qui nourrissent ce livre.<\/span><\/p>\n<p><span class=\"x193iq5w xeuugli x13faqbe x1vvkbs xlh3980 xvmahel x1n0sxbx x1lliihq x1s928wv xhkezso x1gmr53x x1cpjm7i x1fgarty x1943h6x xudqn12 x3x7a5m x6prxxf xvq8zen xo1l8bm xzsf02u\" dir=\"auto\">Espace Culturel E.Leclerc d\u2019Olivet La Source &#8211; 181 rue d\u2019Artois Olivet<\/span><\/p>\n<p>https:\/\/www.facebook.com\/groups\/1912883135629640\/permalink\/4338880326363230\/<\/p>\n<p>&nbsp;<\/p>\n<p>&nbsp;<\/p>\n<p>&nbsp;<\/p>\n","protected":false},"excerpt":{"rendered":"<p>Le samedi 31 janvier 2026, Julien Seppou-Monny sera \u00e0 Olivet pour pr\u00e9senter son ouvrage paru dans notre collection \u00ab\u00a0Vivre et l&rsquo;\u00e9crire\u00a0\u00bb : P\u00e9rip\u00e9ties d&rsquo;un baroudeur &#8211; Itin\u00e9raire d&rsquo;un enfant mal barr\u00e9. Un moment d\u2019\u00e9change autour de l\u2019\u00e9criture, du parcours, de l\u2019exil, de l\u2019identit\u00e9 et des exp\u00e9riences qui nourrissent ce livre. Espace Culturel E.Leclerc d\u2019Olivet La&hellip;&nbsp;<a href=\"https:\/\/vee.vivreetlecrire.fr\/index.php\/2026\/01\/22\/julien-seppou-monny-en-dedicace-a-olivet\/\" rel=\"bookmark\">Lire la suite &raquo;<span class=\"screen-reader-text\">Julien Seppou-Monny en d\u00e9dicace \u00e0 Olivet<\/span><\/a><\/p>\n","protected":false},"author":2,"featured_media":0,"comment_status":"closed","ping_status":"closed","sticky":false,"template":"","format":"standard","meta":{"neve_meta_sidebar":"","neve_meta_container":"","neve_meta_enable_content_width":"off","neve_meta_content_width":70,"neve_meta_title_alignment":"","neve_meta_author_avatar":"","neve_post_elements_order":"","neve_meta_disable_header":"","neve_meta_disable_footer":"","neve_meta_disable_title":"","_themeisle_gutenberg_block_has_review":false,"footnotes":""},"categories":[3,4],"tags":[32,120],"class_list":["post-1386","post","type-post","status-publish","format-standard","hentry","category-actualites","category-evenements","tag-dedicace","tag-julien-seppou-monny"],"_links":{"self":[{"href":"https:\/\/vee.vivreetlecrire.fr\/index.php\/wp-json\/wp\/v2\/posts\/1386","targetHints":{"allow":["GET"]}}],"collection":[{"href":"https:\/\/vee.vivreetlecrire.fr\/index.php\/wp-json\/wp\/v2\/posts"}],"about":[{"href":"https:\/\/vee.vivreetlecrire.fr\/index.php\/wp-json\/wp\/v2\/types\/post"}],"author":[{"embeddable":true,"href":"https:\/\/vee.vivreetlecrire.fr\/index.php\/wp-json\/wp\/v2\/users\/2"}],"replies":[{"embeddable":true,"href":"https:\/\/vee.vivreetlecrire.fr\/index.php\/wp-json\/wp\/v2\/comments?post=1386"}],"version-history":[{"count":1,"href":"https:\/\/vee.vivreetlecrire.fr\/index.php\/wp-json\/wp\/v2\/posts\/1386\/revisions"}],"predecessor-version":[{"id":1387,"href":"https:\/\/vee.vivreetlecrire.fr\/index.php\/wp-json\/wp\/v2\/posts\/1386\/revisions\/1387"}],"wp:attachment":[{"href":"https:\/\/vee.vivreetlecrire.fr\/index.php\/wp-json\/wp\/v2\/media?parent=1386"}],"wp:term":[{"taxonomy":"category","embeddable":true,"href":"https:\/\/vee.vivreetlecrire.fr\/index.php\/wp-json\/wp\/v2\/categories?post=1386"},{"taxonomy":"post_tag","embeddable":true,"href":"https:\/\/vee.vivreetlecrire.fr\/index.php\/wp-json\/wp\/v2\/tags?post=1386"}],"curies":[{"name":"wp","href":"https:\/\/api.w.org\/{rel}","templated":true}]}}